{"id":9264,"date":"2024-05-02T17:56:35","date_gmt":"2024-05-02T21:56:35","guid":{"rendered":"http:\/\/atamanmuseum.com\/uncategorized-tr\/1946-ford-super-deluxe-tudor-sedan\/"},"modified":"2024-06-11T11:13:43","modified_gmt":"2024-06-11T15:13:43","slug":"1946-ford-super-deluxe-tudor-sedan","status":"publish","type":"post","link":"https:\/\/www.atamanmuseum.com\/tr\/ford-tr\/1946-ford-super-deluxe-tudor-sedan\/","title":{"rendered":"1946 FORD SUPER DELUXE TUDOR SEDAN"},"content":{"rendered":"\t\t<div data-elementor-type=\"wp-post\" data-elementor-id=\"9264\" class=\"elementor elementor-9264 elementor-7326\">\n\t\t\t\t<div class=\"elementor-element elementor-element-e1e6a45 e-flex e-con-boxed e-con e-parent\" data-id=\"e1e6a45\" data-element_type=\"container\">\n\t\t\t\t\t<div class=\"e-con-inner\">\n\t\t\t\t<div class=\"elementor-element elementor-element-a1a0df3 qodef-blog-single-text elementor-widget elementor-widget-text-editor\" data-id=\"a1a0df3\" data-element_type=\"widget\" data-widget_type=\"text-editor.default\">\n\t\t\t\t<div class=\"elementor-widget-container\">\n\t\t\t\t\t\t\t\t\t<p>\u0130kinci D\u00fcnya Sava\u015f\u0131 sonras\u0131, ekonomik \u015fartlardan dolay\u0131, sava\u015f \u00f6ncesi modeller makyajlanarak pazarlanmaya ba\u015fland\u0131. Ford da 1940 Eyl\u00fcl\u2019\u00fcnde tan\u0131tt\u0131\u011f\u0131 1941 Super DeLuxe modelinin 1942 makyajl\u0131 versiyonunu tekrar elden ge\u00e7irerek k\u00fc\u00e7\u00fck farkl\u0131l\u0131klarla 1946 y\u0131l\u0131nda pazarlad\u0131. <\/p>\n<p>Zira 1942 senesinde Pearl Harbor bask\u0131n\u0131ndan \u00fc\u00e7 g\u00fcn \u00f6nce Amerika\u2019da otomobil \u00fcretimi durduruldu ve Ford, 1942 y\u0131l\u0131nda bu g\u00f6vdeyi pazara, sadece 160,432 adet satabildi.    <\/p>\n<p>1941 y\u0131l\u0131ndan beri \u00e7ok pop\u00fcler olan bu Ford o y\u0131l, tasar\u0131m b\u00f6l\u00fcm\u00fc ba\u015fkan\u0131 olan Eugene Turrenne (Bob) Gregorie Jr. ve ekibi taraf\u0131ndan tasarland\u0131 ve \u00fcretimi 1949 y\u0131l\u0131nda model de\u011fi\u015fimine kadar devam etti. Special, DeLuxe ve Super DeLuxe olarak \u00fc\u00e7 seride \u00fcretilen 1942\u2019lerde, Special\u2019lar sadece 6 silindirli motorla pazarland\u0131lar. <\/p>\n<p>1946 y\u0131l\u0131nda ise Special serisi kald\u0131r\u0131ld\u0131. DeLuxe ve Super DeLuxe \u00fcretimde kald\u0131. Ford Super DeLuxe Tudor Sedan m\u00fczemizin kurucusu, Say\u0131n Ural Ataman\u2019\u0131n \u015fahsi \u00e7abalar\u0131 sonucu Amerika\u2019n\u0131n Florida eyaletindeki bir a\u00e7\u0131k art\u0131rmadan sat\u0131n al\u0131nd\u0131. Gerekli r\u00f6tu\u015flar\u0131 yap\u0131larak bug\u00fcnk\u00fc fevkalade orijinal haline getirildi ve 1988 y\u0131l\u0131nda m\u00fczemizin koleksiyonuna kat\u0131lan ilk otomobiller aras\u0131na girdi. 1946 \u00fcretiminin yar\u0131dan fazlas\u0131 Super DeLuxe Tudor Sedan olan Ford\u2019un bu modeli en pop\u00fcler model olup, Amerikan polis te\u015fkilat\u0131n\u0131n da en \u00e7ok tercih etti\u011fi otomobildir. Ayr\u0131ca Ford tarihinde de \u00f6nemli bir yeri vard\u0131r. Zira, Henry Ford, 7 Nisan 1947\u2019de \u00f6ld\u00fc\u011f\u00fcnde g\u00f6rebildi\u011fi son tasar\u0131m bu Ford\u2019lara aitti. <\/p>\n\t\t\t\t\t\t\t\t<\/div>\n\t\t\t\t<\/div>\n\t\t\t\t<div class=\"elementor-element elementor-element-6330ba4 elementor-widget elementor-widget-text-editor\" data-id=\"6330ba4\" data-element_type=\"widget\" data-widget_type=\"text-editor.default\">\n\t\t\t\t<div class=\"elementor-widget-container\">\n\t\t\t\t\t\t\t\t\t<h6>ALINTI F\u0130K\u0130R?<\/h6>\n\t\t\t\t\t\t\t\t<\/div>\n\t\t\t\t<\/div>\n\t\t<div class=\"elementor-element elementor-element-dc81b59 e-con-full e-flex e-con e-child\" data-id=\"dc81b59\" data-element_type=\"container\">\n\t\t<div class=\"elementor-element elementor-element-7920b1a e-con-full e-flex e-con e-child\" data-id=\"7920b1a\" data-element_type=\"container\">\n\t\t\t\t<div class=\"elementor-element elementor-element-119d296 elementor-widget elementor-widget-kahlo_core_single_image\" data-id=\"119d296\" data-element_type=\"widget\" data-widget_type=\"kahlo_core_single_image.default\">\n\t\t\t\t<div class=\"elementor-widget-container\">\n\t\t\t\t\t<div class=\"qodef-shortcode qodef-m qodef-single-image qodef-layout--default\">\n\t\t\t<div class=\"qodef-m-image\">\n\t\t\t\t\t\t<a class=\"qodef-magnific-popup qodef-popup-item\" itemprop=\"image\" href=\"https:\/\/www.atamanmuseum.com\/wp-content\/uploads\/2024\/05\/1946-FORD-SUPER-DELUXE-TUDOR-SEDAN-1.jpg\" data-type=\"image\" title=\"1946-FORD-SUPER-DELUXE-TUDOR-SEDAN-(1)\">\n\t\t\t\t\t\t\t\t\t<img fetchpriority=\"high\" decoding=\"async\" width=\"842\" height=\"595\" src=\"https:\/\/www.atamanmuseum.com\/wp-content\/uploads\/2024\/05\/1946-FORD-SUPER-DELUXE-TUDOR-SEDAN-1.jpg\" class=\"attachment-full size-full\" alt=\"\" srcset=\"https:\/\/www.atamanmuseum.com\/wp-content\/uploads\/2024\/05\/1946-FORD-SUPER-DELUXE-TUDOR-SEDAN-1.jpg 842w, https:\/\/www.atamanmuseum.com\/wp-content\/uploads\/2024\/05\/1946-FORD-SUPER-DELUXE-TUDOR-SEDAN-1-300x212.jpg 300w, https:\/\/www.atamanmuseum.com\/wp-content\/uploads\/2024\/05\/1946-FORD-SUPER-DELUXE-TUDOR-SEDAN-1-768x543.jpg 768w, https:\/\/www.atamanmuseum.com\/wp-content\/uploads\/2024\/05\/1946-FORD-SUPER-DELUXE-TUDOR-SEDAN-1-600x424.jpg 600w\" sizes=\"(max-width: 842px) 100vw, 842px\" \/>\t\t\t\t\t\t\t\t\t<\/a>\n\t\t\t\t\t<\/div>\n\t<\/div>\n\t\t\t\t<\/div>\n\t\t\t\t<\/div>\n\t\t\t\t<div class=\"elementor-element elementor-element-1d5ca8e elementor-widget elementor-widget-image\" data-id=\"1d5ca8e\" data-element_type=\"widget\" data-widget_type=\"image.default\">\n\t\t\t\t<div class=\"elementor-widget-container\">\n\t\t\t\t\t\t\t\t\t\t\t\t\t\t\t<img decoding=\"async\" width=\"553\" height=\"829\" src=\"https:\/\/www.atamanmuseum.com\/wp-content\/uploads\/2024\/05\/1946-FORD-SUPER-DELUXE-TUDOR-SEDAN-8.jpg\" class=\"attachment-medium_large size-medium_large wp-image-8806\" alt=\"\" srcset=\"https:\/\/www.atamanmuseum.com\/wp-content\/uploads\/2024\/05\/1946-FORD-SUPER-DELUXE-TUDOR-SEDAN-8.jpg 553w, https:\/\/www.atamanmuseum.com\/wp-content\/uploads\/2024\/05\/1946-FORD-SUPER-DELUXE-TUDOR-SEDAN-8-200x300.jpg 200w\" sizes=\"(max-width: 553px) 100vw, 553px\" \/>\t\t\t\t\t\t\t\t\t\t\t\t\t\t\t<\/div>\n\t\t\t\t<\/div>\n\t\t\t\t<\/div>\n\t\t<div class=\"elementor-element elementor-element-05e8901 e-con-full e-flex e-con e-child\" data-id=\"05e8901\" data-element_type=\"container\">\n\t\t\t\t<div class=\"elementor-element elementor-element-d2aa5d9 elementor-widget elementor-widget-kahlo_core_section_title\" data-id=\"d2aa5d9\" data-element_type=\"widget\" data-widget_type=\"kahlo_core_section_title.default\">\n\t\t\t\t<div class=\"elementor-widget-container\">\n\t\t\t\t\t<div class=\"qodef-shortcode qodef-m qodef-section-title qodef-alignment--left\">\n\t\t<h3 class=\"qodef-m-title\" >\n\t\t\t\t\t1946 FORD SUPER DELUXE TUDOR SEDAN\t\t\t<\/h3>\n\t    \n<\/div>\n\t\t\t\t<\/div>\n\t\t\t\t<\/div>\n\t\t\t\t<div class=\"elementor-element elementor-element-157ed78 elementor-widget elementor-widget-text-editor\" data-id=\"157ed78\" data-element_type=\"widget\" data-widget_type=\"text-editor.default\">\n\t\t\t\t<div class=\"elementor-widget-container\">\n\t\t\t\t\t\t\t\t\t<ul>\n<li><strong>Marka<\/strong> Ford<\/li>\n<li><strong>Model Serisi<\/strong> Super DeLuxe<\/li>\n<li><strong>G\u00f6vde Modeli<\/strong> 69 A<\/li>\n<li><strong>G\u00f6vde Stili<\/strong> Tudor Sedan 70B<\/li>\n<li><strong>\u00dcretim Y\u0131l\u0131 <\/strong> 1946<\/li>\n<li><strong>\u00dcretim Yeri<\/strong> Amerika<\/li>\n<li><strong>\u00dcretim Adedi<\/strong> 163.870<\/li>\n<li><strong>Yolcu Adedi<\/strong> 6\n<p><span style=\"text-decoration: underline;\">SPES\u0130F\u0130KASYON<\/span><\/p>\n<\/li>\n<li><strong>Motor<\/strong> Ford 69 A, Flathead (L-Head), 239 V8, Benzinli, 3923 cc (239.4 cu. inch), 2 Bo\u011fazl\u0131 Karb\u00fcrat\u00f6r, 100 Beygir, 3800 Devir <\/li>\n<li><strong>\u00c7ap x Strok<\/strong> 81 x 95 mm<\/li>\n<li><strong>Vites Kutusu <\/strong> D\u00fcz, 3-ileri, direksiyondan<\/li>\n<li><strong>En Y\u00fcksek H\u0131z<\/strong> 130 km\/s<\/li>\n<li><strong>H\u0131zlanma<\/strong> 0-100 km\/s, 20.5 s<\/li>\n<li><strong>G\u00f6vde \/ \u015easi<\/strong> \u00c7elik\/\u00c7elik, kutu kesitli<\/li>\n<li><strong>S\u00fcspansiyon<\/strong> \u00d6n, arka: Yanal dengeleyicili, kadran milli<\/li>\n<li><strong>Elektrik Sistemi<\/strong> 6 Volt, 80 Amper\/s<\/li>\n<li><strong>Frenler<\/strong> Hidrolik, \u00f6n, arka kampana<\/li>\n<li><strong>Dingiller Aras\u0131 <\/strong> 2896 mm<\/li>\n<li><strong>Uzunluk<\/strong> 5034 mm<\/li>\n<li><strong>Geni\u015flik<\/strong> 1861 mm<\/li>\n<li><strong>Y\u00fckseklik<\/strong> 1727 mm<\/li>\n<li><strong>A\u011f\u0131rl\u0131k<\/strong> 1447 kg<\/li>\n<li><strong>\u00d6n \/ Arka \u0130z Geni\u015fli\u011fi<\/strong> 1473 mm \/ 1524 mm<\/li>\n<li><strong>Lastik \u00d6l\u00e7\u00fcs\u00fc<\/strong> 6.00 x 16<\/li>\n<\/ul>\n\t\t\t\t\t\t\t\t<\/div>\n\t\t\t\t<\/div>\n\t\t\t\t<\/div>\n\t\t\t\t<\/div>\n\t\t\t\t\t<\/div>\n\t\t\t\t<\/div>\n\t\t\t\t<\/div>\n\t\t","protected":false},"excerpt":{"rendered":"<p>\u0130kinci D\u00fcnya Sava\u015f\u0131 sonras\u0131, ekonomik \u015fartlardan dolay\u0131, sava\u015f \u00f6ncesi modeller makyajlanarak pazarlanmaya ba\u015fland\u0131. Ford da 1940 Eyl\u00fcl\u2019\u00fcnde tan\u0131tt\u0131\u011f\u0131 1941 Super DeLuxe modelinin 1942 makyajl\u0131 versiyonunu tekrar elden ge\u00e7irerek k\u00fc\u00e7\u00fck farkl\u0131l\u0131klarla 1946 y\u0131l\u0131nda pazarlad\u0131. Zira 1942 senesinde Pearl Harbor bask\u0131n\u0131ndan \u00fc\u00e7 g\u00fcn \u00f6nce Amerika\u2019da otomobil \u00fcretimi durduruldu ve Ford, 1942 y\u0131l\u0131nda bu g\u00f6vdeyi pazara, sadece 160,432 [&hellip;]<\/p>\n","protected":false},"author":1,"featured_media":8803,"comment_status":"closed","ping_status":"closed","sticky":false,"template":"","format":"gallery","meta":{"footnotes":""},"categories":[159],"tags":[],"class_list":["post-9264","post","type-post","status-publish","format-gallery","has-post-thumbnail","hentry","category-ford-tr","post_format-post-format-gallery"],"_links":{"self":[{"href":"https:\/\/www.atamanmuseum.com\/tr\/wp-json\/wp\/v2\/posts\/9264","targetHints":{"allow":["GET"]}}],"collection":[{"href":"https:\/\/www.atamanmuseum.com\/tr\/wp-json\/wp\/v2\/posts"}],"about":[{"href":"https:\/\/www.atamanmuseum.com\/tr\/wp-json\/wp\/v2\/types\/post"}],"author":[{"embeddable":true,"href":"https:\/\/www.atamanmuseum.com\/tr\/wp-json\/wp\/v2\/users\/1"}],"replies":[{"embeddable":true,"href":"https:\/\/www.atamanmuseum.com\/tr\/wp-json\/wp\/v2\/comments?post=9264"}],"version-history":[{"count":1,"href":"https:\/\/www.atamanmuseum.com\/tr\/wp-json\/wp\/v2\/posts\/9264\/revisions"}],"predecessor-version":[{"id":9265,"href":"https:\/\/www.atamanmuseum.com\/tr\/wp-json\/wp\/v2\/posts\/9264\/revisions\/9265"}],"wp:featuredmedia":[{"embeddable":true,"href":"https:\/\/www.atamanmuseum.com\/tr\/wp-json\/wp\/v2\/media\/8803"}],"wp:attachment":[{"href":"https:\/\/www.atamanmuseum.com\/tr\/wp-json\/wp\/v2\/media?parent=9264"}],"wp:term":[{"taxonomy":"category","embeddable":true,"href":"https:\/\/www.atamanmuseum.com\/tr\/wp-json\/wp\/v2\/categories?post=9264"},{"taxonomy":"post_tag","embeddable":true,"href":"https:\/\/www.atamanmuseum.com\/tr\/wp-json\/wp\/v2\/tags?post=9264"}],"curies":[{"name":"wp","href":"https:\/\/api.w.org\/{rel}","templated":true}]}}